{"id":7565,"date":"2022-08-31T17:03:45","date_gmt":"2022-08-31T15:03:45","guid":{"rendered":"https:\/\/spaniermission.bplaced.net\/?p=7565"},"modified":"2022-09-02T15:30:39","modified_gmt":"2022-09-02T13:30:39","slug":"30-09-2022-tarde-de-convivencia","status":"publish","type":"post","link":"https:\/\/spaniermission.bplaced.net\/?p=7565","title":{"rendered":"30.09.2022 TARDE DE CONVIVENCIA"},"content":{"rendered":"\n<p style=\"font-size:22px\"><strong>Como es costumbre cada a\u00f1o por estas fechas, la Migrantenseelsorge invita a sus empleados a una tarde de excursi\u00f3n y convivencia. Esta salida permite a los miembros de las distintas misiones conocerse mejor, y conocer algunas realidades de las sociedad y de la iglesia suiza.<\/strong> <strong>Del grupo de nuestra misi\u00f3n no pudo asistir a \u00faltima hora nuestro m\u00fasico Adri\u00e1n, accidentado en una mano con la bicicleta.<\/strong><\/p>\n\n\n\n<p style=\"font-size:22px\"><strong>La visita comenz\u00f3 este a\u00f1o en la Estaci\u00f3n Ornitol\u00f3gica de Sempach<\/strong>:<\/p>\n\n\n\n<figure class=\"wp-block-gallery has-nested-images columns-default is-cropped wp-block-gallery-1 is-layout-flex wp-block-gallery-is-layout-flex\">\n<figure class=\"wp-block-image size-large\"><img loading=\"lazy\" decoding=\"async\" width=\"820\" height=\"446\" data-id=\"7561\" src=\"https:\/\/spaniermission.bplaced.net\/wp-content\/uploads\/2022\/08\/Museo-Aves-Sempach-1-820.jpg.png\" alt=\"\" class=\"wp-image-7561\" srcset=\"https:\/\/spaniermission.bplaced.net\/wp-content\/uploads\/2022\/08\/Museo-Aves-Sempach-1-820.jpg.png 820w, https:\/\/spaniermission.bplaced.net\/wp-content\/uploads\/2022\/08\/Museo-Aves-Sempach-1-820.jpg-300x163.png 300w, https:\/\/spaniermission.bplaced.net\/wp-content\/uploads\/2022\/08\/Museo-Aves-Sempach-1-820.jpg-768x418.png 768w\" sizes=\"auto, (max-width: 820px) 100vw, 820px\" \/><\/figure>\n\n\n\n<figure class=\"wp-block-image size-large\"><img loading=\"lazy\" decoding=\"async\" width=\"820\" height=\"446\" data-id=\"7560\" src=\"https:\/\/spaniermission.bplaced.net\/wp-content\/uploads\/2022\/08\/Museo-Aves-Sempach-2-820.jpg.png\" alt=\"\" class=\"wp-image-7560\" srcset=\"https:\/\/spaniermission.bplaced.net\/wp-content\/uploads\/2022\/08\/Museo-Aves-Sempach-2-820.jpg.png 820w, https:\/\/spaniermission.bplaced.net\/wp-content\/uploads\/2022\/08\/Museo-Aves-Sempach-2-820.jpg-300x163.png 300w, https:\/\/spaniermission.bplaced.net\/wp-content\/uploads\/2022\/08\/Museo-Aves-Sempach-2-820.jpg-768x418.png 768w\" sizes=\"auto, (max-width: 820px) 100vw, 820px\" \/><\/figure>\n<\/figure>\n\n\n\n<figure class=\"wp-block-gallery has-nested-images columns-default is-cropped wp-block-gallery-2 is-layout-flex wp-block-gallery-is-layout-flex\">\n<figure class=\"wp-block-image size-large\"><img loading=\"lazy\" decoding=\"async\" width=\"615\" height=\"820\" data-id=\"7557\" src=\"https:\/\/spaniermission.bplaced.net\/wp-content\/uploads\/2022\/08\/MS-01.jpg\" alt=\"\" class=\"wp-image-7557\" srcset=\"https:\/\/spaniermission.bplaced.net\/wp-content\/uploads\/2022\/08\/MS-01.jpg 615w, https:\/\/spaniermission.bplaced.net\/wp-content\/uploads\/2022\/08\/MS-01-225x300.jpg 225w, https:\/\/spaniermission.bplaced.net\/wp-content\/uploads\/2022\/08\/MS-01-450x600.jpg 450w\" sizes=\"auto, (max-width: 615px) 100vw, 615px\" \/><\/figure>\n\n\n\n<figure class=\"wp-block-image size-large\"><img loading=\"lazy\" decoding=\"async\" width=\"615\" height=\"820\" data-id=\"7558\" src=\"https:\/\/spaniermission.bplaced.net\/wp-content\/uploads\/2022\/08\/MS-02.jpg\" alt=\"\" class=\"wp-image-7558\" srcset=\"https:\/\/spaniermission.bplaced.net\/wp-content\/uploads\/2022\/08\/MS-02.jpg 615w, https:\/\/spaniermission.bplaced.net\/wp-content\/uploads\/2022\/08\/MS-02-225x300.jpg 225w, https:\/\/spaniermission.bplaced.net\/wp-content\/uploads\/2022\/08\/MS-02-450x600.jpg 450w\" sizes=\"auto, (max-width: 615px) 100vw, 615px\" \/><\/figure>\n\n\n\n<figure class=\"wp-block-image size-large\"><img loading=\"lazy\" decoding=\"async\" width=\"615\" height=\"820\" data-id=\"7559\" src=\"https:\/\/spaniermission.bplaced.net\/wp-content\/uploads\/2022\/08\/MS-03.jpg\" alt=\"\" class=\"wp-image-7559\" srcset=\"https:\/\/spaniermission.bplaced.net\/wp-content\/uploads\/2022\/08\/MS-03.jpg 615w, https:\/\/spaniermission.bplaced.net\/wp-content\/uploads\/2022\/08\/MS-03-225x300.jpg 225w, https:\/\/spaniermission.bplaced.net\/wp-content\/uploads\/2022\/08\/MS-03-450x600.jpg 450w\" sizes=\"auto, (max-width: 615px) 100vw, 615px\" \/><\/figure>\n<\/figure>\n\n\n\n<p style=\"font-size:22px\"><strong>Despu\u00e9s nos trasladamos a Sursee donde visitamos el el Centro Parroquial:<\/strong><\/p>\n\n\n\n<figure class=\"wp-block-image size-full\"><img loading=\"lazy\" decoding=\"async\" width=\"820\" height=\"182\" src=\"https:\/\/spaniermission.bplaced.net\/wp-content\/uploads\/2022\/08\/CPS-00.jpg\" alt=\"\" class=\"wp-image-7553\" srcset=\"https:\/\/spaniermission.bplaced.net\/wp-content\/uploads\/2022\/08\/CPS-00.jpg 820w, https:\/\/spaniermission.bplaced.net\/wp-content\/uploads\/2022\/08\/CPS-00-300x67.jpg 300w, https:\/\/spaniermission.bplaced.net\/wp-content\/uploads\/2022\/08\/CPS-00-768x170.jpg 768w\" sizes=\"auto, (max-width: 820px) 100vw, 820px\" \/><figcaption>Fotograf\u00eda conseguida girando 360\u00b0 la c\u00e1mara<\/figcaption><\/figure>\n\n\n\n<p style=\"font-size:22px\"><strong>En el sal\u00f3n de este centro que est\u00e1 a disposici\u00f3n de las misiones, durante una breve charla de D. Hans-Peter Bucher, recibieron un peque\u00f1o homenaje las secretarias de las misiones portuguesa (M\u00f3nica) e hispanohablante (Claudia) por sus 10 a\u00f1os al servicio respectivo de las mismas:<\/strong><\/p>\n\n\n\n<figure class=\"wp-block-gallery has-nested-images columns-default is-cropped wp-block-gallery-3 is-layout-flex wp-block-gallery-is-layout-flex\">\n<figure class=\"wp-block-image size-large\"><img loading=\"lazy\" decoding=\"async\" width=\"820\" height=\"615\" data-id=\"7554\" src=\"https:\/\/spaniermission.bplaced.net\/wp-content\/uploads\/2022\/08\/CPS-01.jpg\" alt=\"\" class=\"wp-image-7554\" srcset=\"https:\/\/spaniermission.bplaced.net\/wp-content\/uploads\/2022\/08\/CPS-01.jpg 820w, https:\/\/spaniermission.bplaced.net\/wp-content\/uploads\/2022\/08\/CPS-01-300x225.jpg 300w, https:\/\/spaniermission.bplaced.net\/wp-content\/uploads\/2022\/08\/CPS-01-768x576.jpg 768w, https:\/\/spaniermission.bplaced.net\/wp-content\/uploads\/2022\/08\/CPS-01-720x540.jpg 720w\" sizes=\"auto, (max-width: 820px) 100vw, 820px\" \/><\/figure>\n\n\n\n<figure class=\"wp-block-image size-large\"><img loading=\"lazy\" decoding=\"async\" width=\"615\" height=\"820\" data-id=\"7555\" src=\"https:\/\/spaniermission.bplaced.net\/wp-content\/uploads\/2022\/08\/CPS-02.jpg\" alt=\"\" class=\"wp-image-7555\" srcset=\"https:\/\/spaniermission.bplaced.net\/wp-content\/uploads\/2022\/08\/CPS-02.jpg 615w, https:\/\/spaniermission.bplaced.net\/wp-content\/uploads\/2022\/08\/CPS-02-225x300.jpg 225w, https:\/\/spaniermission.bplaced.net\/wp-content\/uploads\/2022\/08\/CPS-02-450x600.jpg 450w\" sizes=\"auto, (max-width: 615px) 100vw, 615px\" \/><\/figure>\n\n\n\n<figure class=\"wp-block-image size-large\"><img loading=\"lazy\" decoding=\"async\" width=\"615\" height=\"820\" data-id=\"7556\" src=\"https:\/\/spaniermission.bplaced.net\/wp-content\/uploads\/2022\/08\/CPS-03.jpg\" alt=\"\" class=\"wp-image-7556\" srcset=\"https:\/\/spaniermission.bplaced.net\/wp-content\/uploads\/2022\/08\/CPS-03.jpg 615w, https:\/\/spaniermission.bplaced.net\/wp-content\/uploads\/2022\/08\/CPS-03-225x300.jpg 225w, https:\/\/spaniermission.bplaced.net\/wp-content\/uploads\/2022\/08\/CPS-03-450x600.jpg 450w\" sizes=\"auto, (max-width: 615px) 100vw, 615px\" \/><\/figure>\n<\/figure>\n\n\n\n<p style=\"font-size:22px\"><strong>La \u00faltima estaci\u00f3n de la convivencia fue la visita a la queser\u00eda Emmi en Kaltbach donde recorrimos cn un gu\u00eda las largas cuevas en las que \u00abmaduran\u00bb los quesos antes de salir al mercado. La visita termin\u00f3 con una raclette servida en la misma queser\u00eda.<\/strong><\/p>\n\n\n\n<figure class=\"wp-block-gallery has-nested-images columns-default is-cropped wp-block-gallery-4 is-layout-flex wp-block-gallery-is-layout-flex\">\n<figure class=\"wp-block-image size-large\"><img loading=\"lazy\" decoding=\"async\" width=\"615\" height=\"820\" data-id=\"7562\" src=\"https:\/\/spaniermission.bplaced.net\/wp-content\/uploads\/2022\/08\/Q-01.jpg\" alt=\"\" class=\"wp-image-7562\" srcset=\"https:\/\/spaniermission.bplaced.net\/wp-content\/uploads\/2022\/08\/Q-01.jpg 615w, https:\/\/spaniermission.bplaced.net\/wp-content\/uploads\/2022\/08\/Q-01-225x300.jpg 225w, https:\/\/spaniermission.bplaced.net\/wp-content\/uploads\/2022\/08\/Q-01-450x600.jpg 450w\" sizes=\"auto, (max-width: 615px) 100vw, 615px\" \/><\/figure>\n\n\n\n<figure class=\"wp-block-image size-full\"><img loading=\"lazy\" decoding=\"async\" width=\"615\" height=\"820\" data-id=\"7602\" src=\"https:\/\/spaniermission.bplaced.net\/wp-content\/uploads\/2022\/09\/Q-02b.jpg\" alt=\"\" class=\"wp-image-7602\" srcset=\"https:\/\/spaniermission.bplaced.net\/wp-content\/uploads\/2022\/09\/Q-02b.jpg 615w, https:\/\/spaniermission.bplaced.net\/wp-content\/uploads\/2022\/09\/Q-02b-225x300.jpg 225w, https:\/\/spaniermission.bplaced.net\/wp-content\/uploads\/2022\/09\/Q-02b-450x600.jpg 450w\" sizes=\"auto, (max-width: 615px) 100vw, 615px\" \/><\/figure>\n\n\n\n<figure class=\"wp-block-image size-large\"><img loading=\"lazy\" decoding=\"async\" width=\"820\" height=\"615\" data-id=\"7564\" src=\"https:\/\/spaniermission.bplaced.net\/wp-content\/uploads\/2022\/08\/Q-03.jpg\" alt=\"\" class=\"wp-image-7564\" srcset=\"https:\/\/spaniermission.bplaced.net\/wp-content\/uploads\/2022\/08\/Q-03.jpg 820w, https:\/\/spaniermission.bplaced.net\/wp-content\/uploads\/2022\/08\/Q-03-300x225.jpg 300w, https:\/\/spaniermission.bplaced.net\/wp-content\/uploads\/2022\/08\/Q-03-768x576.jpg 768w, https:\/\/spaniermission.bplaced.net\/wp-content\/uploads\/2022\/08\/Q-03-720x540.jpg 720w\" sizes=\"auto, (max-width: 820px) 100vw, 820px\" \/><\/figure>\n<\/figure>\n","protected":false},"excerpt":{"rendered":"<p>Como es costumbre cada a\u00f1o por estas fechas, la Migrantenseelsorge invita a sus empleados a<\/p>\n","protected":false},"author":1,"featured_media":7566,"comment_status":"closed","ping_status":"closed","sticky":false,"template":"","format":"standard","meta":{"footnotes":""},"categories":[1],"tags":[],"class_list":["post-7565","post","type-post","status-publish","format-standard","has-post-thumbnail","hentry","category-allgemein"],"_links":{"self":[{"href":"https:\/\/spaniermission.bplaced.net\/index.php?rest_route=\/wp\/v2\/posts\/7565","targetHints":{"allow":["GET"]}}],"collection":[{"href":"https:\/\/spaniermission.bplaced.net\/index.php?rest_route=\/wp\/v2\/posts"}],"about":[{"href":"https:\/\/spaniermission.bplaced.net\/index.php?rest_route=\/wp\/v2\/types\/post"}],"author":[{"embeddable":true,"href":"https:\/\/spaniermission.bplaced.net\/index.php?rest_route=\/wp\/v2\/users\/1"}],"replies":[{"embeddable":true,"href":"https:\/\/spaniermission.bplaced.net\/index.php?rest_route=%2Fwp%2Fv2%2Fcomments&post=7565"}],"version-history":[{"count":4,"href":"https:\/\/spaniermission.bplaced.net\/index.php?rest_route=\/wp\/v2\/posts\/7565\/revisions"}],"predecessor-version":[{"id":7604,"href":"https:\/\/spaniermission.bplaced.net\/index.php?rest_route=\/wp\/v2\/posts\/7565\/revisions\/7604"}],"wp:featuredmedia":[{"embeddable":true,"href":"https:\/\/spaniermission.bplaced.net\/index.php?rest_route=\/wp\/v2\/media\/7566"}],"wp:attachment":[{"href":"https:\/\/spaniermission.bplaced.net\/index.php?rest_route=%2Fwp%2Fv2%2Fmedia&parent=7565"}],"wp:term":[{"taxonomy":"category","embeddable":true,"href":"https:\/\/spaniermission.bplaced.net\/index.php?rest_route=%2Fwp%2Fv2%2Fcategories&post=7565"},{"taxonomy":"post_tag","embeddable":true,"href":"https:\/\/spaniermission.bplaced.net\/index.php?rest_route=%2Fwp%2Fv2%2Ftags&post=7565"}],"curies":[{"name":"wp","href":"https:\/\/api.w.org\/{rel}","templated":true}]}}